[{"command":"settings","settings":{"pluralDelimiter":"\u0003","suppressDeprecationErrors":true,"ajaxPageState":{"libraries":"eJxLqcxLzM1Mjk_NK8ksqYzPySwu0S_OyC-Pz80vSgUAtBcL_w","theme":"ivory","theme_token":null},"ajaxTrustedUrl":[],"user":{"uid":0,"permissionsHash":"9c975576f1b96e43d31b3ff34c1ca6b53b6096ff14d83974ef00f2d68011e8fb"}},"merge":true},{"command":"add_css","data":[{"rel":"stylesheet","media":"all","href":"\/core\/themes\/stable9\/css\/core\/components\/progress.module.css?te7139"},{"rel":"stylesheet","media":"all","href":"\/core\/themes\/stable9\/css\/core\/components\/ajax-progress.module.css?te7139"},{"rel":"stylesheet","media":"all","href":"\/themes\/contrib\/gin\/dist\/css\/components\/ajax.css?te7139"}]},{"command":"add_js","selector":"body","data":[{"src":"\/core\/assets\/vendor\/jquery\/jquery.min.js?v=4.0.0"},{"src":"\/sites\/default\/files\/js\/js_pepuN0UQCAl0o2ELex3yDnILOkYSxjEd--8iSGQF9fo.js?scope=footer\u0026delta=1\u0026language=de-asu\u0026theme=ivory\u0026include=eJxLqcxLzM1Mjk_NK8ksqYzPySwu0S_OyC-Pz80vSgUAtBcL_w"}]},{"command":"showMoreTeasers","id":"del--paragraph-761141","content":"\u003Cli class=\u0022teaser-list--list-item\u0022\u003E\n    \u003Ca href=\u0022\/news\/mehr-hitzeinseln-nrw\u0022  class=\u0022teaser teaser--unordered-list\u0022 aria-label=\u0022Mehr Hitzeinseln in NRW\u0022\u003E\n          \u003Cdiv class=\u0022teaser-content\u0022\u003E\n                                                  \n                              \n          \u003Cspan class=\u0022teaser-content--headline\u0022\u003E\n                                      Mehr Hitzeinseln in \n                                    \u003Cspan class=\u0022headline-last-word-arrow\u0022\u003ENRW                              \u003Cspan class=\u0022read-more-arrow-container\u0022\u003E\n                    \u003Cspan class=\u0022read-more-angled-arrow\u0022\u003E\u003C\/span\u003E\n                  \u003C\/span\u003E\n                          \u003C\/span\u003E\n            \u003C\/span\u003E\n                              \u003C\/div\u003E\n        \u003C\/a\u003E\n  \u003C\/li\u003E\n\u003Cli class=\u0022teaser-list--list-item\u0022\u003E\n    \u003Ca href=\u0022\/news\/arbeitsbedingungen-treiben-fehlzeiten-nicht-telefonische-krankmeldungen\u0022  class=\u0022teaser teaser--unordered-list\u0022 aria-label=\u0022Arbeitsbedingungen treiben Fehlzeiten \u2013 nicht telefonische Krankmeldungen\u0022\u003E\n          \u003Cdiv class=\u0022teaser-content\u0022\u003E\n                                                  \n                              \n          \u003Cspan class=\u0022teaser-content--headline\u0022\u003E\n                                      Arbeitsbedingungen treiben Fehlzeiten \u2013 nicht telefonische \n                                    \u003Cspan class=\u0022headline-last-word-arrow\u0022\u003EKrankmeldungen                              \u003Cspan class=\u0022read-more-arrow-container\u0022\u003E\n                    \u003Cspan class=\u0022read-more-angled-arrow\u0022\u003E\u003C\/span\u003E\n                  \u003C\/span\u003E\n                          \u003C\/span\u003E\n            \u003C\/span\u003E\n                              \u003C\/div\u003E\n        \u003C\/a\u003E\n  \u003C\/li\u003E\n\u003Cli class=\u0022teaser-list--list-item\u0022\u003E\n    \u003Ca href=\u0022\/news\/suchtexperten-plaedieren-fuer-strengere-regeln-fuer-alkohol\u0022  class=\u0022teaser teaser--unordered-list\u0022 aria-label=\u0022Suchtexperten pl\u00e4dieren f\u00fcr strengere Regeln f\u00fcr Alkohol\u0022\u003E\n          \u003Cdiv class=\u0022teaser-content\u0022\u003E\n                                                  \n                              \n          \u003Cspan class=\u0022teaser-content--headline\u0022\u003E\n                                      Suchtexperten pl\u00e4dieren f\u00fcr strengere Regeln f\u00fcr \n                                    \u003Cspan class=\u0022headline-last-word-arrow\u0022\u003EAlkohol                              \u003Cspan class=\u0022read-more-arrow-container\u0022\u003E\n                    \u003Cspan class=\u0022read-more-angled-arrow\u0022\u003E\u003C\/span\u003E\n                  \u003C\/span\u003E\n                          \u003C\/span\u003E\n            \u003C\/span\u003E\n                              \u003C\/div\u003E\n        \u003C\/a\u003E\n  \u003C\/li\u003E\n\u003Cli class=\u0022teaser-list--list-item\u0022\u003E\n    \u003Ca href=\u0022\/news\/entscheiden-und-lernen-gesundheitlichen-krisen\u0022  class=\u0022teaser teaser--unordered-list\u0022 aria-label=\u0022Entscheiden und Lernen in gesundheitlichen Krisen \u0022\u003E\n          \u003Cdiv class=\u0022teaser-content\u0022\u003E\n                                                  \n                              \n          \u003Cspan class=\u0022teaser-content--headline\u0022\u003E\n                                      Entscheiden und Lernen in gesundheitlichen \n                                    \u003Cspan class=\u0022headline-last-word-arrow\u0022\u003EKrisen                              \u003Cspan class=\u0022read-more-arrow-container\u0022\u003E\n                    \u003Cspan class=\u0022read-more-angled-arrow\u0022\u003E\u003C\/span\u003E\n                  \u003C\/span\u003E\n                          \u003C\/span\u003E\n            \u003C\/span\u003E\n                              \u003C\/div\u003E\n        \u003C\/a\u003E\n  \u003C\/li\u003E\n\u003Cli class=\u0022teaser-list--list-item\u0022\u003E\n    \u003Ca href=\u0022\/news\/arbeitsmedizinische-gehoervorsorge-fuer-assistenzpersonal\u0022  class=\u0022teaser teaser--unordered-list\u0022 aria-label=\u0022Arbeitsmedizinische Geh\u00f6rvorsorge f\u00fcr Assistenzpersonal\u0022\u003E\n          \u003Cdiv class=\u0022teaser-content\u0022\u003E\n                                                  \n                              \n          \u003Cspan class=\u0022teaser-content--headline\u0022\u003E\n                                      Arbeitsmedizinische Geh\u00f6rvorsorge f\u00fcr \n                                    \u003Cspan class=\u0022headline-last-word-arrow\u0022\u003EAssistenzpersonal                              \u003Cspan class=\u0022read-more-arrow-container\u0022\u003E\n                    \u003Cspan class=\u0022read-more-angled-arrow\u0022\u003E\u003C\/span\u003E\n                  \u003C\/span\u003E\n                          \u003C\/span\u003E\n            \u003C\/span\u003E\n                              \u003C\/div\u003E\n        \u003C\/a\u003E\n  \u003C\/li\u003E\n","entity_type":"node","used_ids":[""],"show_more":"\u003Cdiv class=\u0022del-show-more\u0022\u003E\u003Ca href=\u0022\/ajax\/del\/8c98c483-2fa4-45c6-a0d8-01c3fbed81cf\/paragraph\/6\/5\/asc\/eyJub2RlIjp7ImlkIjoiMTU5ODcwIiwidHlwZSI6ImFydGljbGUifX0%3D\u0022 title=\u0022Mehr Elemente anzeigen\u0022 class=\u0022del-show-more-link use-ajax\u0022 rel=\u0022nofollow\u0022 data-target-type=\u0022node\u0022 aria-controls=\u0022del--paragraph-761141--content\u0022 aria-label=\u0022Mehr Elemente anzeigen\u0022\u003EMehr anzeigen\u003C\/a\u003E\u003C\/div\u003E\n"}]