[{"command":"settings","settings":{"pluralDelimiter":"\u0003","suppressDeprecationErrors":true,"ajaxPageState":{"libraries":"eJxLqcxLzM1Mjk_NK8ksqYzPySwu0S_OyC-Pz80vSgUAtBcL_w","theme":"ivory","theme_token":null},"ajaxTrustedUrl":[],"user":{"uid":0,"permissionsHash":"9c975576f1b96e43d31b3ff34c1ca6b53b6096ff14d83974ef00f2d68011e8fb"}},"merge":true},{"command":"add_css","data":[{"rel":"stylesheet","media":"all","href":"\/core\/themes\/stable9\/css\/core\/components\/progress.module.css?tkqoms"},{"rel":"stylesheet","media":"all","href":"\/core\/themes\/stable9\/css\/core\/components\/ajax-progress.module.css?tkqoms"},{"rel":"stylesheet","media":"all","href":"\/themes\/contrib\/gin\/dist\/css\/components\/ajax.css?tkqoms"}]},{"command":"add_js","selector":"body","data":[{"src":"\/core\/assets\/vendor\/jquery\/jquery.min.js?v=4.0.0"},{"src":"\/sites\/default\/files\/js\/js_XwVj0wGB1eD5UZi2Ks_TjtbQorEV6x17jnicRjkTuMY.js?scope=footer\u0026delta=1\u0026language=de-asu\u0026theme=ivory\u0026include=eJxLqcxLzM1Mjk_NK8ksqYzPySwu0S_OyC-Pz80vSgUAtBcL_w"}]},{"command":"showMoreTeasers","id":"del--paragraph-761141","content":"\u003Cli class=\u0022teaser-list--list-item\u0022\u003E\n    \u003Ca href=\u0022\/news\/feinstaub-koennte-krankheitsaktivitaet-bei-rheumatoider-arthritis-erhoehen\u0022  class=\u0022teaser teaser--unordered-list\u0022 aria-label=\u0022Feinstaub k\u00f6nnte Krankheitsaktivit\u00e4t bei rheumatoider Arthritis erh\u00f6hen \u0022\u003E\n          \u003Cdiv class=\u0022teaser-content\u0022\u003E\n                            \n          \u003Cspan class=\u0022teaser-content--headline\u0022\u003E\n                                      Feinstaub k\u00f6nnte Krankheitsaktivit\u00e4t bei rheumatoider Arthritis \n                                    \u003Cspan class=\u0022headline-last-word-arrow\u0022\u003Eerh\u00f6hen                              \u003Cspan class=\u0022read-more-arrow-container\u0022\u003E\n                    \u003Cspan class=\u0022read-more-angled-arrow\u0022\u003E\u003C\/span\u003E\n                  \u003C\/span\u003E\n                          \u003C\/span\u003E\n            \u003C\/span\u003E\n                              \u003C\/div\u003E\n        \u003C\/a\u003E\n  \u003C\/li\u003E\n\u003Cli class=\u0022teaser-list--list-item\u0022\u003E\n    \u003Ca href=\u0022\/news\/mehrfachbelastungen-im-job-jeder-vierte-zweifelt-daran-bis-zur-rente-arbeiten-zu-koennen\u0022  class=\u0022teaser teaser--unordered-list\u0022 aria-label=\u0022Mehrfachbelastungen im Job: Jeder Vierte zweifelt daran, bis zur Rente arbeiten zu k\u00f6nnen\u0022\u003E\n          \u003Cdiv class=\u0022teaser-content\u0022\u003E\n                            \n          \u003Cspan class=\u0022teaser-content--headline\u0022\u003E\n                                      Mehrfachbelastungen im Job: Jeder Vierte zweifelt daran, bis zur Rente arbeiten zu \n                                    \u003Cspan class=\u0022headline-last-word-arrow\u0022\u003Ek\u00f6nnen                              \u003Cspan class=\u0022read-more-arrow-container\u0022\u003E\n                    \u003Cspan class=\u0022read-more-angled-arrow\u0022\u003E\u003C\/span\u003E\n                  \u003C\/span\u003E\n                          \u003C\/span\u003E\n            \u003C\/span\u003E\n                              \u003C\/div\u003E\n        \u003C\/a\u003E\n  \u003C\/li\u003E\n\u003Cli class=\u0022teaser-list--list-item\u0022\u003E\n    \u003Ca href=\u0022\/news\/forscher-klimaschutz-engagement-haengt-von-moralischer-orientierung-ab\u0022  class=\u0022teaser teaser--unordered-list\u0022 aria-label=\u0022Forscher: Klimaschutz-Engagement h\u00e4ngt von moralischer Orientierung ab\u0022\u003E\n          \u003Cdiv class=\u0022teaser-content\u0022\u003E\n                            \n          \u003Cspan class=\u0022teaser-content--headline\u0022\u003E\n                                      Forscher: Klimaschutz-Engagement h\u00e4ngt von moralischer Orientierung \n                                    \u003Cspan class=\u0022headline-last-word-arrow\u0022\u003Eab                              \u003Cspan class=\u0022read-more-arrow-container\u0022\u003E\n                    \u003Cspan class=\u0022read-more-angled-arrow\u0022\u003E\u003C\/span\u003E\n                  \u003C\/span\u003E\n                          \u003C\/span\u003E\n            \u003C\/span\u003E\n                              \u003C\/div\u003E\n        \u003C\/a\u003E\n  \u003C\/li\u003E\n\u003Cli class=\u0022teaser-list--list-item\u0022\u003E\n    \u003Ca href=\u0022\/news\/malaria-infektion-am-flughafen-was-heisst-das-fuer-reisende\u0022  class=\u0022teaser teaser--unordered-list\u0022 aria-label=\u0022Malaria-Infektion am Flughafen: Was hei\u00dft das f\u00fcr Reisende?\u0022\u003E\n          \u003Cdiv class=\u0022teaser-content\u0022\u003E\n                            \n          \u003Cspan class=\u0022teaser-content--headline\u0022\u003E\n                                      Malaria-Infektion am Flughafen: Was hei\u00dft das f\u00fcr \n                                    \u003Cspan class=\u0022headline-last-word-arrow\u0022\u003EReisende?                              \u003Cspan class=\u0022read-more-arrow-container\u0022\u003E\n                    \u003Cspan class=\u0022read-more-angled-arrow\u0022\u003E\u003C\/span\u003E\n                  \u003C\/span\u003E\n                          \u003C\/span\u003E\n            \u003C\/span\u003E\n                              \u003C\/div\u003E\n        \u003C\/a\u003E\n  \u003C\/li\u003E\n\u003Cli class=\u0022teaser-list--list-item\u0022\u003E\n    \u003Ca href=\u0022\/news\/arbeitsmedizin-wirkt-deutscher-betriebsaerzte-kongress-2026\u0022  class=\u0022teaser teaser--unordered-list\u0022 aria-label=\u0022Arbeitsmedizin wirkt: Deutscher Betriebs\u00e4rzte Kongress 2026\u0022\u003E\n          \u003Cdiv class=\u0022teaser-content\u0022\u003E\n                            \n          \u003Cspan class=\u0022teaser-content--headline\u0022\u003E\n                                      Arbeitsmedizin wirkt: Deutscher Betriebs\u00e4rzte Kongress \n                                    \u003Cspan class=\u0022headline-last-word-arrow\u0022\u003E2026                              \u003Cspan class=\u0022read-more-arrow-container\u0022\u003E\n                    \u003Cspan class=\u0022read-more-angled-arrow\u0022\u003E\u003C\/span\u003E\n                  \u003C\/span\u003E\n                          \u003C\/span\u003E\n            \u003C\/span\u003E\n                              \u003C\/div\u003E\n        \u003C\/a\u003E\n  \u003C\/li\u003E\n","entity_type":"node","used_ids":[""],"show_more":"\u003Cdiv class=\u0022del-show-more\u0022\u003E\u003Ca href=\u0022\/ajax\/del\/8c98c483-2fa4-45c6-a0d8-01c3fbed81cf\/1178865\/paragraph\/6\/5\/asc\/eyJub2RlIjp7ImlkIjoiMjc1MjUiLCJ0eXBlIjoiYXJ0aWNsZSJ9fQ%3D%3D\u0022 title=\u0022Mehr Elemente anzeigen\u0022 class=\u0022del-show-more-link use-ajax\u0022 rel=\u0022nofollow\u0022 data-target-type=\u0022node\u0022 aria-controls=\u0022del--paragraph-761141--content\u0022 aria-label=\u0022Mehr Elemente anzeigen\u0022\u003EMehr anzeigen\u003C\/a\u003E\u003C\/div\u003E\n"}]